{"id":1643,"date":"2021-03-05T23:23:13","date_gmt":"2021-03-06T04:23:13","guid":{"rendered":"https:\/\/coopercar.coop\/?p=1643"},"modified":"2026-03-11T06:03:48","modified_gmt":"2026-03-11T11:03:48","slug":"asamblea-general-ordinaria-electiva-coopercar-no-presencial-2022","status":"publish","type":"post","link":"https:\/\/coopercar.coop\/index.php\/2021\/03\/05\/asamblea-general-ordinaria-electiva-coopercar-no-presencial-2022\/","title":{"rendered":"Asamblea General Ordinaria Informativa COOPERCAR &#8211; No Presencial 2022"},"content":{"rendered":"<p>La suscrita presidente del Consejo de Administraci\u00f3n de la Cooperativa Multiactiva de la Corporaci\u00f3n Aut\u00f3noma Regional de Cundinamarca \u2013CAR- \u201cCOOPERCAR\u201d en uso de sus facultades legales, se permite convocar a la ASAMBLEA GENERAL DE ASOCIADOS ORDINARIA INFORMATIVA, la cual tendr\u00e1 lugar el d\u00eda 12 de marzo de 2.022, Hora 8.00 A.M., Lugar\u00a0 Modalidad Virtual Plataforma Zoom<\/p>\n<h4>Documentos relacionados con la Asamblea<\/h4>\n<p>Puede hacer clic o presionar sobre cada descripci\u00f3n para ver los documentos adjuntos relacionados con la Asamblea.<\/p>\n<p><img fetchpriority=\"high\" decoding=\"async\" class=\" wp-image-1779 aligncenter\" src=\"https:\/\/coopercar.coop\/wp-content\/uploads\/2021\/03\/unnamed-232x300.png\" alt=\"\" width=\"397\" height=\"513\" srcset=\"https:\/\/coopercar.coop\/wp-content\/uploads\/2021\/03\/unnamed-232x300.png 232w, https:\/\/coopercar.coop\/wp-content\/uploads\/2021\/03\/unnamed.png 612w\" sizes=\"(max-width: 397px) 100vw, 397px\" \/><\/p>\n<p style=\"text-align: center;\">INGRESE AQUI CON LOS TEMAS DE INTERES<\/p>\n<p style=\"text-align: center;\"><a href=\"https:\/\/coopercar.coop\/wp-content\/uploads\/2022\/03\/ACUERDO01DE2022.pdf\">Ingrese aqui para todo lo relacionado con los acuerdos de asamblea<\/a><\/p>\n<p style=\"text-align: center;\"><a href=\"https:\/\/coopercar.coop\/wp-content\/uploads\/2022\/03\/REVELACIONESESTADOSFINANCIEROSNOTAS.pdf\">Revelaciones notas a los estados Financieros<\/a><\/p>\n<p style=\"text-align: center;\"><a href=\"https:\/\/coopercar.coop\/wp-content\/uploads\/2022\/03\/REGLAMENTOASAMBLEA.pdf\">Reglamento de Asamblea<\/a><\/p>\n<p style=\"text-align: center;\"><a href=\"https:\/\/coopercar.coop\/wp-content\/uploads\/2022\/03\/INFORMEJUNTADEVIGILANCIA.pdf\">Informe de Junta de Vigilancia<\/a><\/p>\n<p style=\"text-align: center;\"><a href=\"https:\/\/coopercar.coop\/wp-content\/uploads\/2022\/03\/INFORMEDEGESTIONDE2021.pdf\">Informe de Gesti\u00f3n<\/a><\/p>\n<p style=\"text-align: center;\"><a href=\"https:\/\/coopercar.coop\/wp-content\/uploads\/2022\/03\/ESTADOSFINANCIEROSCOOPERCAR2021.pdf\">Estados Financieros<\/a><\/p>\n<p style=\"text-align: center;\"><a href=\"https:\/\/coopercar.coop\/wp-content\/uploads\/2022\/03\/DICTAMENREVISORFISCAL.pdf\">Dictamen Revisoria Fiscal<\/a><\/p>\n<p style=\"text-align: center;\"><a href=\"https:\/\/coopercar.coop\/wp-content\/uploads\/2022\/03\/CONVOCATORIAASAMBLEAINFORMATIVA2021.pdf\">Convocatoria Asamblea Informativa<\/a><\/p>\n<p style=\"text-align: center;\"><a href=\"https:\/\/coopercar.coop\/wp-content\/uploads\/2022\/03\/CONSTANCIACOMISIONREVISIONVERIFICACIONACTA004.pdf\">Constancia Revisi\u00f3n y Verificacion Acta<\/a><\/p>\n<p style=\"text-align: center;\"><a href=\"https:\/\/coopercar.coop\/wp-content\/uploads\/2022\/03\/CERTIFICACION.pdf\">Certificaci\u00f3n<\/a><\/p>\n<p style=\"text-align: center;\"><a href=\"https:\/\/coopercar.coop\/wp-content\/uploads\/2022\/03\/ASOCIADOSINHABILES.pdf\">Asociados inhabiles<\/a><\/p>\n<p style=\"text-align: center;\"><a href=\"https:\/\/coopercar.coop\/wp-content\/uploads\/2022\/03\/ASOCIADOSHABILES.pdf\">Asociados Habiles<\/a><\/p>\n<p style=\"text-align: center;\"><a href=\"https:\/\/coopercar.coop\/wp-content\/uploads\/2022\/03\/APROBACIONPROYECTOPERDIDAS2021.pdf\">Aprobaci\u00f3n Proyecto de Perdidas<\/a><\/p>\n<p>&nbsp;<\/p>\n","protected":false},"excerpt":{"rendered":"<p>La suscrita presidente del Consejo de Administraci\u00f3n de la Cooperativa Multiactiva de la Corporaci\u00f3n Aut\u00f3noma Regional de Cundinamarca \u2013CAR- \u201cCOOPERCAR\u201d en uso de sus facultades legales, se permite convocar a la ASAMBLEA GENERAL DE ASOCIADOS ORDINARIA INFORMATIVA, la cual tendr\u00e1 lugar el d\u00eda 12 de marzo de 2.022, Hora 8.00 A.M., Lugar\u00a0 Modalidad Virtual Plataforma [&hellip;]<\/p>\n","protected":false},"author":4,"featured_media":1645,"comment_status":"closed","ping_status":"open","sticky":false,"template":"","format":"standard","meta":{"content-type":"","footnotes":""},"categories":[10],"tags":[],"class_list":["post-1643","post","type-post","status-publish","format-standard","has-post-thumbnail","hentry","category-asambleas"],"_links":{"self":[{"href":"https:\/\/coopercar.coop\/index.php\/wp-json\/wp\/v2\/posts\/1643","targetHints":{"allow":["GET"]}}],"collection":[{"href":"https:\/\/coopercar.coop\/index.php\/wp-json\/wp\/v2\/posts"}],"about":[{"href":"https:\/\/coopercar.coop\/index.php\/wp-json\/wp\/v2\/types\/post"}],"author":[{"embeddable":true,"href":"https:\/\/coopercar.coop\/index.php\/wp-json\/wp\/v2\/users\/4"}],"replies":[{"embeddable":true,"href":"https:\/\/coopercar.coop\/index.php\/wp-json\/wp\/v2\/comments?post=1643"}],"version-history":[{"count":10,"href":"https:\/\/coopercar.coop\/index.php\/wp-json\/wp\/v2\/posts\/1643\/revisions"}],"predecessor-version":[{"id":1802,"href":"https:\/\/coopercar.coop\/index.php\/wp-json\/wp\/v2\/posts\/1643\/revisions\/1802"}],"wp:featuredmedia":[{"embeddable":true,"href":"https:\/\/coopercar.coop\/index.php\/wp-json\/wp\/v2\/media\/1645"}],"wp:attachment":[{"href":"https:\/\/coopercar.coop\/index.php\/wp-json\/wp\/v2\/media?parent=1643"}],"wp:term":[{"taxonomy":"category","embeddable":true,"href":"https:\/\/coopercar.coop\/index.php\/wp-json\/wp\/v2\/categories?post=1643"},{"taxonomy":"post_tag","embeddable":true,"href":"https:\/\/coopercar.coop\/index.php\/wp-json\/wp\/v2\/tags?post=1643"}],"curies":[{"name":"wp","href":"https:\/\/api.w.org\/{rel}","templated":true}]}}