{"id":1272,"date":"2020-07-22T01:09:32","date_gmt":"2020-07-22T06:09:32","guid":{"rendered":"http:\/\/nuevaweb.coopercar.coop\/?p=1272"},"modified":"2026-03-11T06:03:48","modified_gmt":"2026-03-11T11:03:48","slug":"asamblea-general-de-asociados-electiva-coopercar","status":"publish","type":"post","link":"https:\/\/coopercar.coop\/index.php\/2020\/07\/22\/asamblea-general-de-asociados-electiva-coopercar\/","title":{"rendered":"Asamblea general de asociados electiva COOPERCAR"},"content":{"rendered":"<p>La suscrita presidente del Consejo de Administraci\u00f3n de la Cooperativa Multiactiva de la Corporaci\u00f3n\u00a0Aut\u00f3noma Regional de Cundinamarca \u2013CAR- \u201cCOOPERCAR\u201d en uso de sus facultades legales, se permite\u00a0convocar a la ASAMBLEA GENERAL DE ASOCIADOS ORDINARIA ELECTIVA, la cual tendr\u00e1 lugar el d\u00eda\u00a016 de marzo de 2.019, Hora 8.00 A.M., Lugar Casa de Espa\u00f1a, ubicado en Calle 35 No. 16-42, Sal\u00f3n\u00a0Pr\u00edncipe de Asturias de la ciudad de Bogot\u00e1.<\/p>\n<h4>Orden del d\u00eda propuesto<\/h4>\n<ol>\n<li>Llamada a lista y verificaci\u00f3n del qu\u00f3rum<\/li>\n<li>Saludo de la se\u00f1ora presidente del Consejo de Administraci\u00f3n<\/li>\n<li>Elecci\u00f3n del Presidente, Vicepresidente y Secretario de la Asamblea<\/li>\n<li>Lectura y aprobaci\u00f3n del orden del d\u00eda propuesto<\/li>\n<li>Lectura y aprobaci\u00f3n del reglamento para la Asamblea<\/li>\n<li>Nombramiento del Comit\u00e9 de Aprobaci\u00f3n de Acta<\/li>\n<li>Informe del Comit\u00e9 de Aprobaci\u00f3n del Acta Anterior<\/li>\n<li>Informe de Gesti\u00f3n<\/li>\n<li>Informe Junta de Vigilancia<\/li>\n<li>Dictamen del Revisor Fiscal<\/li>\n<li>Presentaci\u00f3n y aprobaci\u00f3n de Estados Financieros A\u00f1o 2018<\/li>\n<li>Propuesta de Distribuci\u00f3n de Excedentes A\u00f1o 2018<\/li>\n<li>Elecci\u00f3n Consejo de Administraci\u00f3n<\/li>\n<li>Elecci\u00f3n Junta de Vigilancia<\/li>\n<li>Elecci\u00f3n Revisor\u00eda Fiscal y Asignaci\u00f3n de Honorarios<\/li>\n<li>Proposiciones y varios<\/li>\n<li>Cierre Acto Social<\/li>\n<\/ol>\n<h4>Documentos relacionados con la Asamblea<\/h4>\n<p>Puede hacer clic o presionar sobre cada descripci\u00f3n para ver los documentos adjuntos relacionados con la Asamblea.<\/p>\n<ol>\n<li><a href=\"https:\/\/drive.google.com\/file\/d\/1gwGdSLtr4yGfdbg7xaYisNAwXkwDR2zG\/view?usp=sharing\" target=\"_blank\" rel=\"noopener noreferrer\">Convocatoria<\/a><\/li>\n<li><a href=\"https:\/\/drive.google.com\/file\/d\/1SCEtTJ-KIEhaxvAmtCPrIABvbaedExDc\/view?usp=sharing\" target=\"_blank\" rel=\"noopener noreferrer\">Acuerdo 01 de 2019<\/a><\/li>\n<li><a href=\"https:\/\/drive.google.com\/file\/d\/1FZG5l1F4vF8RKImMmTdoBqscf5WuCfvi\/view?usp=sharing\" target=\"_blank\" rel=\"noopener noreferrer\">Reglamento de la Asamblea<\/a><\/li>\n<li><a href=\"https:\/\/drive.google.com\/file\/d\/18MfAeLaSFpA7tMjHttoq4OwovTnEXgAx\/view?usp=sharing\" target=\"_blank\" rel=\"noopener noreferrer\">Acta Aprobaci\u00f3n Acta Asamblea 2018<\/a><\/li>\n<li><a href=\"https:\/\/drive.google.com\/file\/d\/1AMQ60vu7uIfcFHBeyt0tSf0iPSyHrTeO\/view?usp=sharing\" target=\"_blank\" rel=\"noopener noreferrer\">Informe de Gesti\u00f3n<\/a><\/li>\n<li><a href=\"https:\/\/drive.google.com\/file\/d\/1SWfdreZ61KWX9EuufvqyjZlMUrwO5SoT\/view?usp=sharing\" target=\"_blank\" rel=\"noopener noreferrer\">Informe Junta de Vigilancia<\/a><\/li>\n<li><a href=\"https:\/\/drive.google.com\/file\/d\/141Yzo2FuzMCkeaIv-m0Vytk1LqlOlRiX\/view?usp=sharing\" target=\"_blank\" rel=\"noopener noreferrer\">Notas a los Estados Financieros de 2018<\/a><\/li>\n<li><a href=\"https:\/\/drive.google.com\/file\/d\/1gdKqVXojRqfzR80YqX9ROPZ_3r9yySST\/view?usp=sharing\" target=\"_blank\" rel=\"noopener noreferrer\">Estados Financieros 2018<\/a><\/li>\n<li><a href=\"https:\/\/drive.google.com\/file\/d\/1cF_3nullmgHH2tpDCSp0vATU4Ptq8VpK\/view?usp=sharing\" target=\"_blank\" rel=\"noopener noreferrer\">Propuesta Distribuci\u00f3n Excedentes<\/a><\/li>\n<li><a href=\"https:\/\/drive.google.com\/file\/d\/13NQkb24jzQsV3KyrBo736ow6ywsAa14x\/view?usp=sharing\" target=\"_blank\" rel=\"noopener noreferrer\">Informe Revisor Fiscal<\/a><\/li>\n<\/ol>\n","protected":false},"excerpt":{"rendered":"<p>La suscrita presidente del Consejo de Administraci\u00f3n de la Cooperativa Multiactiva de la Corporaci\u00f3n\u00a0Aut\u00f3noma Regional de Cundinamarca \u2013CAR- \u201cCOOPERCAR\u201d en uso de sus facultades legales, se permite\u00a0convocar a la ASAMBLEA GENERAL DE ASOCIADOS ORDINARIA ELECTIVA, la cual tendr\u00e1 lugar el d\u00eda\u00a016 de marzo de 2.019, Hora 8.00 A.M., Lugar Casa de Espa\u00f1a, ubicado en Calle [&hellip;]<\/p>\n","protected":false},"author":4,"featured_media":1290,"comment_status":"closed","ping_status":"open","sticky":false,"template":"","format":"standard","meta":{"content-type":"","footnotes":""},"categories":[10],"tags":[],"class_list":["post-1272","post","type-post","status-publish","format-standard","has-post-thumbnail","hentry","category-asambleas"],"_links":{"self":[{"href":"https:\/\/coopercar.coop\/index.php\/wp-json\/wp\/v2\/posts\/1272","targetHints":{"allow":["GET"]}}],"collection":[{"href":"https:\/\/coopercar.coop\/index.php\/wp-json\/wp\/v2\/posts"}],"about":[{"href":"https:\/\/coopercar.coop\/index.php\/wp-json\/wp\/v2\/types\/post"}],"author":[{"embeddable":true,"href":"https:\/\/coopercar.coop\/index.php\/wp-json\/wp\/v2\/users\/4"}],"replies":[{"embeddable":true,"href":"https:\/\/coopercar.coop\/index.php\/wp-json\/wp\/v2\/comments?post=1272"}],"version-history":[{"count":1,"href":"https:\/\/coopercar.coop\/index.php\/wp-json\/wp\/v2\/posts\/1272\/revisions"}],"predecessor-version":[{"id":1273,"href":"https:\/\/coopercar.coop\/index.php\/wp-json\/wp\/v2\/posts\/1272\/revisions\/1273"}],"wp:featuredmedia":[{"embeddable":true,"href":"https:\/\/coopercar.coop\/index.php\/wp-json\/wp\/v2\/media\/1290"}],"wp:attachment":[{"href":"https:\/\/coopercar.coop\/index.php\/wp-json\/wp\/v2\/media?parent=1272"}],"wp:term":[{"taxonomy":"category","embeddable":true,"href":"https:\/\/coopercar.coop\/index.php\/wp-json\/wp\/v2\/categories?post=1272"},{"taxonomy":"post_tag","embeddable":true,"href":"https:\/\/coopercar.coop\/index.php\/wp-json\/wp\/v2\/tags?post=1272"}],"curies":[{"name":"wp","href":"https:\/\/api.w.org\/{rel}","templated":true}]}}